{"id":13100,"date":"2024-08-27T16:03:04","date_gmt":"2024-08-27T14:03:04","guid":{"rendered":"https:\/\/www.terhalle.de\/the-3-group-daycare-center-on-ulenbergstrasse-in-duesseldorf-was-completed-in-august\/"},"modified":"2024-08-27T16:03:04","modified_gmt":"2024-08-27T14:03:04","slug":"the-3-group-daycare-center-on-ulenbergstrasse-in-duesseldorf-was-completed-in-august","status":"publish","type":"post","link":"https:\/\/www.terhalle.de\/en\/the-3-group-daycare-center-on-ulenbergstrasse-in-duesseldorf-was-completed-in-august\/","title":{"rendered":"The 3-group daycare center on Ulenbergstra\u00dfe in D\u00fcsseldorf was completed in August."},"content":{"rendered":"<p>The 3-group daycare center on Ulenbergstra\u00dfe in D\u00fcsseldorf was completed in August.<br \/>\nIn addition to our building construction, timber construction, window construction, interior fittings and our subsidiary MWM were also involved in the project.<br \/>\nThe daycare center is the first timber construction daycare center in the city of D\u00fcsseldorf to receive DGNB certification thanks to its sustainable construction methods.<br \/>\n\ud83d\ude0e\ud83d\udee0 #terhalle #holzbau #kita #kindertagestt\u00e4tte #d\u00fcsseldorf #projekt   <\/p>\n","protected":false},"excerpt":{"rendered":"<p>The 3-group daycare center on Ulenbergstra\u00dfe in D\u00fcsseldorf was completed in August. In addition to our building construction, timber construction, window construction, interior fittings and our subsidiary MWM were also involved in the project. The daycare center is the first timber construction daycare center in the city of D\u00fcsseldorf to receive DGNB certification thanks to [&hellip;]<\/p>\n","protected":false},"author":5,"featured_media":13098,"comment_status":"open","ping_status":"open","sticky":false,"template":"","format":"standard","meta":{"_acf_changed":false,"footnotes":""},"categories":[1],"tags":[],"class_list":["post-13100","post","type-post","status-publish","format-standard","has-post-thumbnail","hentry","category-unkategorisiert"],"acf":[],"yoast_head":"<!-- This site is optimized with the Yoast SEO plugin v27.4 - https:\/\/yoast.com\/product\/yoast-seo-wordpress\/ -->\n<title>The 3-group daycare center on Ulenbergstra\u00dfe in D\u00fcsseldorf was completed in August. - Terhalle<\/title>\n<meta name=\"robots\" content=\"index, follow, max-snippet:-1, max-image-preview:large, max-video-preview:-1\" \/>\n<link rel=\"canonical\" href=\"https:\/\/www.terhalle.de\/en\/the-3-group-daycare-center-on-ulenbergstrasse-in-duesseldorf-was-completed-in-august\/\" \/>\n<meta property=\"og:locale\" content=\"en_US\" \/>\n<meta property=\"og:type\" content=\"article\" \/>\n<meta property=\"og:title\" content=\"The 3-group daycare center on Ulenbergstra\u00dfe in D\u00fcsseldorf was completed in August. - Terhalle\" \/>\n<meta property=\"og:description\" content=\"The 3-group daycare center on Ulenbergstra\u00dfe in D\u00fcsseldorf was completed in August. In addition to our building construction, timber construction, window construction, interior fittings and our subsidiary MWM were also involved in the project. The daycare center is the first timber construction daycare center in the city of D\u00fcsseldorf to receive DGNB certification thanks to [&hellip;]\" \/>\n<meta property=\"og:url\" content=\"https:\/\/www.terhalle.de\/en\/the-3-group-daycare-center-on-ulenbergstrasse-in-duesseldorf-was-completed-in-august\/\" \/>\n<meta property=\"og:site_name\" content=\"Terhalle\" \/>\n<meta property=\"article:published_time\" content=\"2024-08-27T14:03:04+00:00\" \/>\n<meta name=\"author\" content=\"overbeck-stockheim\" \/>\n<meta name=\"twitter:card\" content=\"summary_large_image\" \/>\n<meta name=\"twitter:label1\" content=\"Written by\" \/>\n\t<meta name=\"twitter:data1\" content=\"overbeck-stockheim\" \/>\n<script type=\"application\/ld+json\" class=\"yoast-schema-graph\">{\"@context\":\"https:\\\/\\\/schema.org\",\"@graph\":[{\"@type\":\"Article\",\"@id\":\"https:\\\/\\\/www.terhalle.de\\\/en\\\/the-3-group-daycare-center-on-ulenbergstrasse-in-duesseldorf-was-completed-in-august\\\/#article\",\"isPartOf\":{\"@id\":\"https:\\\/\\\/www.terhalle.de\\\/en\\\/the-3-group-daycare-center-on-ulenbergstrasse-in-duesseldorf-was-completed-in-august\\\/\"},\"author\":{\"name\":\"overbeck-stockheim\",\"@id\":\"https:\\\/\\\/www.terhalle.de\\\/en\\\/#\\\/schema\\\/person\\\/2955e8e949c370050eaba58c1ab104c2\"},\"headline\":\"The 3-group daycare center on Ulenbergstra\u00dfe in D\u00fcsseldorf was completed in August.\",\"datePublished\":\"2024-08-27T14:03:04+00:00\",\"mainEntityOfPage\":{\"@id\":\"https:\\\/\\\/www.terhalle.de\\\/en\\\/the-3-group-daycare-center-on-ulenbergstrasse-in-duesseldorf-was-completed-in-august\\\/\"},\"wordCount\":84,\"commentCount\":0,\"publisher\":{\"@id\":\"https:\\\/\\\/www.terhalle.de\\\/en\\\/#organization\"},\"image\":{\"@id\":\"https:\\\/\\\/www.terhalle.de\\\/en\\\/the-3-group-daycare-center-on-ulenbergstrasse-in-duesseldorf-was-completed-in-august\\\/#primaryimage\"},\"thumbnailUrl\":\"https:\\\/\\\/www.terhalle.de\\\/wp-content\\\/uploads\\\/2024\\\/08\\\/456716579_1041502437983978_2189455412797533917_n.jpg\",\"articleSection\":[\"Unkategorisiert\"],\"inLanguage\":\"en-US\",\"potentialAction\":[{\"@type\":\"CommentAction\",\"name\":\"Comment\",\"target\":[\"https:\\\/\\\/www.terhalle.de\\\/en\\\/the-3-group-daycare-center-on-ulenbergstrasse-in-duesseldorf-was-completed-in-august\\\/#respond\"]}]},{\"@type\":\"WebPage\",\"@id\":\"https:\\\/\\\/www.terhalle.de\\\/en\\\/the-3-group-daycare-center-on-ulenbergstrasse-in-duesseldorf-was-completed-in-august\\\/\",\"url\":\"https:\\\/\\\/www.terhalle.de\\\/en\\\/the-3-group-daycare-center-on-ulenbergstrasse-in-duesseldorf-was-completed-in-august\\\/\",\"name\":\"The 3-group daycare center on Ulenbergstra\u00dfe in D\u00fcsseldorf was completed in August. - Terhalle\",\"isPartOf\":{\"@id\":\"https:\\\/\\\/www.terhalle.de\\\/en\\\/#website\"},\"primaryImageOfPage\":{\"@id\":\"https:\\\/\\\/www.terhalle.de\\\/en\\\/the-3-group-daycare-center-on-ulenbergstrasse-in-duesseldorf-was-completed-in-august\\\/#primaryimage\"},\"image\":{\"@id\":\"https:\\\/\\\/www.terhalle.de\\\/en\\\/the-3-group-daycare-center-on-ulenbergstrasse-in-duesseldorf-was-completed-in-august\\\/#primaryimage\"},\"thumbnailUrl\":\"https:\\\/\\\/www.terhalle.de\\\/wp-content\\\/uploads\\\/2024\\\/08\\\/456716579_1041502437983978_2189455412797533917_n.jpg\",\"datePublished\":\"2024-08-27T14:03:04+00:00\",\"breadcrumb\":{\"@id\":\"https:\\\/\\\/www.terhalle.de\\\/en\\\/the-3-group-daycare-center-on-ulenbergstrasse-in-duesseldorf-was-completed-in-august\\\/#breadcrumb\"},\"inLanguage\":\"en-US\",\"potentialAction\":[{\"@type\":\"ReadAction\",\"target\":[\"https:\\\/\\\/www.terhalle.de\\\/en\\\/the-3-group-daycare-center-on-ulenbergstrasse-in-duesseldorf-was-completed-in-august\\\/\"]}]},{\"@type\":\"ImageObject\",\"inLanguage\":\"en-US\",\"@id\":\"https:\\\/\\\/www.terhalle.de\\\/en\\\/the-3-group-daycare-center-on-ulenbergstrasse-in-duesseldorf-was-completed-in-august\\\/#primaryimage\",\"url\":\"https:\\\/\\\/www.terhalle.de\\\/wp-content\\\/uploads\\\/2024\\\/08\\\/456716579_1041502437983978_2189455412797533917_n.jpg\",\"contentUrl\":\"https:\\\/\\\/www.terhalle.de\\\/wp-content\\\/uploads\\\/2024\\\/08\\\/456716579_1041502437983978_2189455412797533917_n.jpg\",\"width\":960,\"height\":720},{\"@type\":\"BreadcrumbList\",\"@id\":\"https:\\\/\\\/www.terhalle.de\\\/en\\\/the-3-group-daycare-center-on-ulenbergstrasse-in-duesseldorf-was-completed-in-august\\\/#breadcrumb\",\"itemListElement\":[{\"@type\":\"ListItem\",\"position\":1,\"name\":\"Startseite\",\"item\":\"https:\\\/\\\/www.terhalle.de\\\/en\\\/homepage\\\/\"},{\"@type\":\"ListItem\",\"position\":2,\"name\":\"The 3-group daycare center on Ulenbergstra\u00dfe in D\u00fcsseldorf was completed in August.\"}]},{\"@type\":\"WebSite\",\"@id\":\"https:\\\/\\\/www.terhalle.de\\\/en\\\/#website\",\"url\":\"https:\\\/\\\/www.terhalle.de\\\/en\\\/\",\"name\":\"Terhalle\",\"description\":\"\",\"publisher\":{\"@id\":\"https:\\\/\\\/www.terhalle.de\\\/en\\\/#organization\"},\"potentialAction\":[{\"@type\":\"SearchAction\",\"target\":{\"@type\":\"EntryPoint\",\"urlTemplate\":\"https:\\\/\\\/www.terhalle.de\\\/en\\\/?s={search_term_string}\"},\"query-input\":{\"@type\":\"PropertyValueSpecification\",\"valueRequired\":true,\"valueName\":\"search_term_string\"}}],\"inLanguage\":\"en-US\"},{\"@type\":\"Organization\",\"@id\":\"https:\\\/\\\/www.terhalle.de\\\/en\\\/#organization\",\"name\":\"Terhalle\",\"url\":\"https:\\\/\\\/www.terhalle.de\\\/en\\\/\",\"logo\":{\"@type\":\"ImageObject\",\"inLanguage\":\"en-US\",\"@id\":\"https:\\\/\\\/www.terhalle.de\\\/en\\\/#\\\/schema\\\/logo\\\/image\\\/\",\"url\":\"https:\\\/\\\/www.terhalle.de\\\/wp-content\\\/uploads\\\/2022\\\/08\\\/Terhalle_Logo.svg\",\"contentUrl\":\"https:\\\/\\\/www.terhalle.de\\\/wp-content\\\/uploads\\\/2022\\\/08\\\/Terhalle_Logo.svg\",\"width\":100,\"height\":100,\"caption\":\"Terhalle\"},\"image\":{\"@id\":\"https:\\\/\\\/www.terhalle.de\\\/en\\\/#\\\/schema\\\/logo\\\/image\\\/\"}},{\"@type\":\"Person\",\"@id\":\"https:\\\/\\\/www.terhalle.de\\\/en\\\/#\\\/schema\\\/person\\\/2955e8e949c370050eaba58c1ab104c2\",\"name\":\"overbeck-stockheim\"}]}<\/script>\n<!-- \/ Yoast SEO plugin. -->","yoast_head_json":{"title":"The 3-group daycare center on Ulenbergstra\u00dfe in D\u00fcsseldorf was completed in August. - Terhalle","robots":{"index":"index","follow":"follow","max-snippet":"max-snippet:-1","max-image-preview":"max-image-preview:large","max-video-preview":"max-video-preview:-1"},"canonical":"https:\/\/www.terhalle.de\/en\/the-3-group-daycare-center-on-ulenbergstrasse-in-duesseldorf-was-completed-in-august\/","og_locale":"en_US","og_type":"article","og_title":"The 3-group daycare center on Ulenbergstra\u00dfe in D\u00fcsseldorf was completed in August. - Terhalle","og_description":"The 3-group daycare center on Ulenbergstra\u00dfe in D\u00fcsseldorf was completed in August. In addition to our building construction, timber construction, window construction, interior fittings and our subsidiary MWM were also involved in the project. The daycare center is the first timber construction daycare center in the city of D\u00fcsseldorf to receive DGNB certification thanks to [&hellip;]","og_url":"https:\/\/www.terhalle.de\/en\/the-3-group-daycare-center-on-ulenbergstrasse-in-duesseldorf-was-completed-in-august\/","og_site_name":"Terhalle","article_published_time":"2024-08-27T14:03:04+00:00","author":"overbeck-stockheim","twitter_card":"summary_large_image","twitter_misc":{"Written by":"overbeck-stockheim"},"schema":{"@context":"https:\/\/schema.org","@graph":[{"@type":"Article","@id":"https:\/\/www.terhalle.de\/en\/the-3-group-daycare-center-on-ulenbergstrasse-in-duesseldorf-was-completed-in-august\/#article","isPartOf":{"@id":"https:\/\/www.terhalle.de\/en\/the-3-group-daycare-center-on-ulenbergstrasse-in-duesseldorf-was-completed-in-august\/"},"author":{"name":"overbeck-stockheim","@id":"https:\/\/www.terhalle.de\/en\/#\/schema\/person\/2955e8e949c370050eaba58c1ab104c2"},"headline":"The 3-group daycare center on Ulenbergstra\u00dfe in D\u00fcsseldorf was completed in August.","datePublished":"2024-08-27T14:03:04+00:00","mainEntityOfPage":{"@id":"https:\/\/www.terhalle.de\/en\/the-3-group-daycare-center-on-ulenbergstrasse-in-duesseldorf-was-completed-in-august\/"},"wordCount":84,"commentCount":0,"publisher":{"@id":"https:\/\/www.terhalle.de\/en\/#organization"},"image":{"@id":"https:\/\/www.terhalle.de\/en\/the-3-group-daycare-center-on-ulenbergstrasse-in-duesseldorf-was-completed-in-august\/#primaryimage"},"thumbnailUrl":"https:\/\/www.terhalle.de\/wp-content\/uploads\/2024\/08\/456716579_1041502437983978_2189455412797533917_n.jpg","articleSection":["Unkategorisiert"],"inLanguage":"en-US","potentialAction":[{"@type":"CommentAction","name":"Comment","target":["https:\/\/www.terhalle.de\/en\/the-3-group-daycare-center-on-ulenbergstrasse-in-duesseldorf-was-completed-in-august\/#respond"]}]},{"@type":"WebPage","@id":"https:\/\/www.terhalle.de\/en\/the-3-group-daycare-center-on-ulenbergstrasse-in-duesseldorf-was-completed-in-august\/","url":"https:\/\/www.terhalle.de\/en\/the-3-group-daycare-center-on-ulenbergstrasse-in-duesseldorf-was-completed-in-august\/","name":"The 3-group daycare center on Ulenbergstra\u00dfe in D\u00fcsseldorf was completed in August. - Terhalle","isPartOf":{"@id":"https:\/\/www.terhalle.de\/en\/#website"},"primaryImageOfPage":{"@id":"https:\/\/www.terhalle.de\/en\/the-3-group-daycare-center-on-ulenbergstrasse-in-duesseldorf-was-completed-in-august\/#primaryimage"},"image":{"@id":"https:\/\/www.terhalle.de\/en\/the-3-group-daycare-center-on-ulenbergstrasse-in-duesseldorf-was-completed-in-august\/#primaryimage"},"thumbnailUrl":"https:\/\/www.terhalle.de\/wp-content\/uploads\/2024\/08\/456716579_1041502437983978_2189455412797533917_n.jpg","datePublished":"2024-08-27T14:03:04+00:00","breadcrumb":{"@id":"https:\/\/www.terhalle.de\/en\/the-3-group-daycare-center-on-ulenbergstrasse-in-duesseldorf-was-completed-in-august\/#breadcrumb"},"inLanguage":"en-US","potentialAction":[{"@type":"ReadAction","target":["https:\/\/www.terhalle.de\/en\/the-3-group-daycare-center-on-ulenbergstrasse-in-duesseldorf-was-completed-in-august\/"]}]},{"@type":"ImageObject","inLanguage":"en-US","@id":"https:\/\/www.terhalle.de\/en\/the-3-group-daycare-center-on-ulenbergstrasse-in-duesseldorf-was-completed-in-august\/#primaryimage","url":"https:\/\/www.terhalle.de\/wp-content\/uploads\/2024\/08\/456716579_1041502437983978_2189455412797533917_n.jpg","contentUrl":"https:\/\/www.terhalle.de\/wp-content\/uploads\/2024\/08\/456716579_1041502437983978_2189455412797533917_n.jpg","width":960,"height":720},{"@type":"BreadcrumbList","@id":"https:\/\/www.terhalle.de\/en\/the-3-group-daycare-center-on-ulenbergstrasse-in-duesseldorf-was-completed-in-august\/#breadcrumb","itemListElement":[{"@type":"ListItem","position":1,"name":"Startseite","item":"https:\/\/www.terhalle.de\/en\/homepage\/"},{"@type":"ListItem","position":2,"name":"The 3-group daycare center on Ulenbergstra\u00dfe in D\u00fcsseldorf was completed in August."}]},{"@type":"WebSite","@id":"https:\/\/www.terhalle.de\/en\/#website","url":"https:\/\/www.terhalle.de\/en\/","name":"Terhalle","description":"","publisher":{"@id":"https:\/\/www.terhalle.de\/en\/#organization"},"potentialAction":[{"@type":"SearchAction","target":{"@type":"EntryPoint","urlTemplate":"https:\/\/www.terhalle.de\/en\/?s={search_term_string}"},"query-input":{"@type":"PropertyValueSpecification","valueRequired":true,"valueName":"search_term_string"}}],"inLanguage":"en-US"},{"@type":"Organization","@id":"https:\/\/www.terhalle.de\/en\/#organization","name":"Terhalle","url":"https:\/\/www.terhalle.de\/en\/","logo":{"@type":"ImageObject","inLanguage":"en-US","@id":"https:\/\/www.terhalle.de\/en\/#\/schema\/logo\/image\/","url":"https:\/\/www.terhalle.de\/wp-content\/uploads\/2022\/08\/Terhalle_Logo.svg","contentUrl":"https:\/\/www.terhalle.de\/wp-content\/uploads\/2022\/08\/Terhalle_Logo.svg","width":100,"height":100,"caption":"Terhalle"},"image":{"@id":"https:\/\/www.terhalle.de\/en\/#\/schema\/logo\/image\/"}},{"@type":"Person","@id":"https:\/\/www.terhalle.de\/en\/#\/schema\/person\/2955e8e949c370050eaba58c1ab104c2","name":"overbeck-stockheim"}]}},"_links":{"self":[{"href":"https:\/\/www.terhalle.de\/en\/wp-json\/wp\/v2\/posts\/13100","targetHints":{"allow":["GET"]}}],"collection":[{"href":"https:\/\/www.terhalle.de\/en\/wp-json\/wp\/v2\/posts"}],"about":[{"href":"https:\/\/www.terhalle.de\/en\/wp-json\/wp\/v2\/types\/post"}],"author":[{"embeddable":true,"href":"https:\/\/www.terhalle.de\/en\/wp-json\/wp\/v2\/users\/5"}],"replies":[{"embeddable":true,"href":"https:\/\/www.terhalle.de\/en\/wp-json\/wp\/v2\/comments?post=13100"}],"version-history":[{"count":0,"href":"https:\/\/www.terhalle.de\/en\/wp-json\/wp\/v2\/posts\/13100\/revisions"}],"wp:featuredmedia":[{"embeddable":true,"href":"https:\/\/www.terhalle.de\/en\/wp-json\/wp\/v2\/media\/13098"}],"wp:attachment":[{"href":"https:\/\/www.terhalle.de\/en\/wp-json\/wp\/v2\/media?parent=13100"}],"wp:term":[{"taxonomy":"category","embeddable":true,"href":"https:\/\/www.terhalle.de\/en\/wp-json\/wp\/v2\/categories?post=13100"},{"taxonomy":"post_tag","embeddable":true,"href":"https:\/\/www.terhalle.de\/en\/wp-json\/wp\/v2\/tags?post=13100"}],"curies":[{"name":"wp","href":"https:\/\/api.w.org\/{rel}","templated":true}]}}